[{"@context":"https:\/\/schema.org\/","@type":"Article","@id":"https:\/\/www.zkz-cv.cz\/je-prace-konickem\/#Article","mainEntityOfPage":"https:\/\/www.zkz-cv.cz\/je-prace-konickem\/","headline":"Je pr\u00e1ce kon\u00ed\u010dkem?","name":"Je pr\u00e1ce kon\u00ed\u010dkem?","description":"Byla jsem postavena p\u0159ed z\u00e1va\u017en\u00e9 rozhodnut\u00ed, jestli p\u0159ibrat druhou pr\u00e1ci. Nehonily m\u011b k tomu pen\u00edze, ale l\u00edbila se mi p\u0159edstava d\u011bl\u00e1n\u00ed n\u011b\u010deho, co m\u011b \u201ebude bavit\u201c. To byla ot\u00e1zka- m\u016f\u017ee b\u00fdt pr\u00e1ce i na\u0161e hobby? Teoreticky ano. \u0158\u00edk\u00e1 se, \u017ee nej\u0161\u0165astn\u011bj\u0161\u00ed je ten, jeho\u017e pr\u00e1ce se stane kon\u00ed\u010dkem a naopak. J\u00e1 jsem se ve sv\u00e9...","datePublished":"2021-12-06","dateModified":"2021-12-06","author":{"@type":"Person","@id":"https:\/\/www.zkz-cv.cz\/author\/#Person","name":"","url":"https:\/\/www.zkz-cv.cz\/author\/","identifier":1,"image":{"@type":"ImageObject","@id":"https:\/\/secure.gravatar.com\/avatar\/91b1fc57487c55a66a7777af0dd690bf69c571b4a9b15cda0db8854a78b7888c?s=96&d=mm&r=g","url":"https:\/\/secure.gravatar.com\/avatar\/91b1fc57487c55a66a7777af0dd690bf69c571b4a9b15cda0db8854a78b7888c?s=96&d=mm&r=g","height":96,"width":96}},"publisher":{"@type":"Organization","name":"zkz-cv.cz","logo":{"@type":"ImageObject","@id":"\/logo.png","url":"\/logo.png","width":600,"height":60}},"image":{"@type":"ImageObject","@id":"https:\/\/www.zkz-cv.cz\/wp-content\/uploads\/pracujici%20zena.jpg","url":"https:\/\/www.zkz-cv.cz\/wp-content\/uploads\/pracujici%20zena.jpg","height":0,"width":0},"url":"https:\/\/www.zkz-cv.cz\/je-prace-konickem\/","about":["Hobby"],"wordCount":505,"articleBody":"Byla jsem postavena p\u0159ed z\u00e1va\u017en\u00e9 rozhodnut\u00ed, jestli p\u0159ibrat druhou pr\u00e1ci. Nehonily m\u011b k tomu pen\u00edze, ale l\u00edbila se mi p\u0159edstava d\u011bl\u00e1n\u00ed n\u011b\u010deho, co m\u011b \u201ebude bavit\u201c. To byla ot\u00e1zka- m\u016f\u017ee b\u00fdt pr\u00e1ce i na\u0161e hobby? Teoreticky ano. \u0158\u00edk\u00e1 se, \u017ee nej\u0161\u0165astn\u011bj\u0161\u00ed je ten, jeho\u017e pr\u00e1ce se stane kon\u00ed\u010dkem a naopak. J\u00e1 jsem se ve sv\u00e9 \u00favaze dostala je\u0161t\u011b d\u00e1l. Co to je kon\u00ed\u010dek a nen\u00ed n\u00e1hodou prost\u0159ed\u00ed pr\u00e1ce, kde je v\u017edy aspo\u0148 n\u011bco, bez \u010deho\u017e bychom se r\u00e1di obe\u0161li (vst\u00e1v\u00e1n\u00ed\u2026) prost\u0159ed\u00edm, kter\u00e9 kon\u00ed\u010dku \u0161kod\u00ed? Do sv\u00e9 volby jsem zahrnula \u201epro a proti\u201c, stejn\u011b jako v\u011bt\u0161ina lid\u00ed. M\u00e1lokdo si \u0159ekne- kolik pro v t\u00e9 pr\u00e1ci budu m\u00edt? Ale ka\u017ed\u00fd p\u0159em\u00fd\u0161l\u00ed, co se mu na n\u00ed nel\u00edb\u00ed a jestli je to v\u00fdznamn\u00e9, nebo ne. Znamen\u00e1 to, \u017ee koncept pr\u00e1ce n\u00e1s v\u017edy bude o n\u011bco okr\u00e1dat? Minim\u00e1ln\u011b o \u010das v\u010detn\u011b cesty atd..Na pr\u00e1ci na ur\u010dit\u00fd \u00favazek \u010dlov\u011bk do starov\u011bku nebyl zvykl\u00fd. D\u011blal, co pot\u0159eboval, kdy to pot\u0159eboval a cel\u00fd \u017eivot pro\u017eil s rodinou ve sv\u00e9m prost\u0159ed\u00ed. M\u011bl takov\u00fd \u010dlov\u011bk kon\u00ed\u010dky? Ano m\u011bl. Vyr\u00e1b\u011bl si v\u011bci pro radost, hr\u00e1l si s d\u011btmi, zv\u00ed\u0159aty a podobn\u011b. Kdy\u017e m\u011bl obstaranou ob\u017eivu a cht\u011bl d\u011blat v\u011bci pro radost, d\u011blal je. Ne od osmi do \u010dty\u0159 p\u011bt dn\u00ed v t\u00fddnu, n\u00fdbr\u017e jednou za t\u00fdden, m\u011bs\u00edc, nebo t\u0159eba desetkr\u00e1t za sebou v jednom t\u00fddnu na x hodin. Takov\u00fd \u010dlov\u011bk byl schopn\u00fd v\u011bnovat se sv\u00fdm kon\u00ed\u010dk\u016fm systematicky i bez bi\u010de nad sebou a bez n\u011bkoho, kdo by ho k tomu honil. On s\u00e1m si byl sv\u00fdm posuzovatelem.Jeho p\u0159irozen\u00e9 tempo vyt\u0159\u00edbilo kon\u00ed\u010dky jako \u010dinnosti, kter\u00e9 \u010dlov\u011bk d\u011bl\u00e1 pro z\u00e1bavu, pro radost, kdy se mu chce, jak se mu chce a s\u00e1m se jim u\u010d\u00ed od star\u0161\u00edch a nebo pozd\u011bji z knih a dal\u0161\u00edch pramen\u016f. Bu\u010fto ho bavila opakovan\u00e1 \u010dinnost, kterou u\u017e znal a nebo ho bavilo u\u010dit se nov\u00fdm v\u011bcem. V tom p\u0159\u00edpad\u011b opustil kon\u00ed\u010dek, kter\u00fd obs\u00e1hl na takov\u00e9 \u00farovni, se kterou byl spokojen\u00fd. Takov\u00e9mu \u010dlov\u011bku by bylo zvl\u00e1\u0161tn\u00ed d\u011blat takov\u00fd kon\u00ed\u010dek od sedmi hodin, jezdit za n\u00edm hodinu daleko, b\u00fdt kv\u016fli n\u011bmu nastrojen, dohadovat se se \u0161\u00e9fem, vypl\u0148ovat tunu byrokracie atd\u2026 Vych\u00e1z\u00ed mi z toho, \u017ee pr\u00e1ce je dne\u0161n\u00ed koncept pot\u0159ebn\u00e9 v\u011bci na zaji\u0161t\u011bn\u00ed ob\u017eivy, ale m\u00e1 daleko k realizaci kon\u00ed\u010dku, pokud nejste milovn\u00edk vlak\u016f a na vlastn\u00ed nem\u00e1te.                                                                                                                                                                                                                                                                                                                                                                                                "},{"@context":"https:\/\/schema.org\/","@type":"BreadcrumbList","itemListElement":[{"@type":"ListItem","position":1,"name":"Je pr\u00e1ce kon\u00ed\u010dkem?","item":"https:\/\/www.zkz-cv.cz\/je-prace-konickem\/#breadcrumbitem"}]}]