[{"@context":"https:\/\/schema.org\/","@type":"Article","@id":"https:\/\/www.zkz-cv.cz\/zladena-detska-izbicka\/#Article","mainEntityOfPage":"https:\/\/www.zkz-cv.cz\/zladena-detska-izbicka\/","headline":"Zladen\u00e1 detsk\u00e1 izbi\u010dka","name":"Zladen\u00e1 detsk\u00e1 izbi\u010dka","description":"Ka\u017ed\u00e1 izba pre novorodenca je n\u00e1dhern\u00e1. S vesel\u00fdm n\u00e1bytkom, rozko\u0161n\u00fdmi hra\u010dkami, ale hlavne s vedom\u00edm, \u017ee v strede, v \u010darovnej postie\u013eke spink\u00e1 v\u00e1\u0161 najv\u00e4\u010d\u0161\u00ed poklad. No do \u010distu\u010dkej detskej izby patr\u00ed aj t\u00e1 \u0161pinav\u0161ia \u010das\u0165. V\u00fdmena plienok, preto\u017ee aj to k novorodencom a bato\u013eat\u00e1m, ktor\u00e9 sa e\u0161te nenau\u010dili na no\u010dn\u00edk, patr\u00ed. Ale pr\u00e1ve s preba\u013eovac\u00edm...","datePublished":"2025-03-31","dateModified":"2025-03-31","author":{"@type":"Person","@id":"https:\/\/www.zkz-cv.cz\/author\/#Person","name":"","url":"https:\/\/www.zkz-cv.cz\/author\/","identifier":1,"image":{"@type":"ImageObject","@id":"https:\/\/secure.gravatar.com\/avatar\/91b1fc57487c55a66a7777af0dd690bf69c571b4a9b15cda0db8854a78b7888c?s=96&d=mm&r=g","url":"https:\/\/secure.gravatar.com\/avatar\/91b1fc57487c55a66a7777af0dd690bf69c571b4a9b15cda0db8854a78b7888c?s=96&d=mm&r=g","height":96,"width":96}},"publisher":{"@type":"Organization","name":"zkz-cv.cz","logo":{"@type":"ImageObject","@id":"\/logo.png","url":"\/logo.png","width":600,"height":60}},"url":"https:\/\/www.zkz-cv.cz\/zladena-detska-izbicka\/","wordCount":234,"articleBody":" Ka\u017ed\u00e1 izba pre novorodenca je n\u00e1dhern\u00e1. S vesel\u00fdm n\u00e1bytkom, rozko\u0161n\u00fdmi hra\u010dkami, ale hlavne s vedom\u00edm, \u017ee v strede, v \u010darovnej postie\u013eke spink\u00e1 v\u00e1\u0161 najv\u00e4\u010d\u0161\u00ed poklad. No do \u010distu\u010dkej detskej izby patr\u00ed aj t\u00e1 \u0161pinav\u0161ia \u010das\u0165. V\u00fdmena plienok, preto\u017ee aj to k novorodencom a bato\u013eat\u00e1m, ktor\u00e9 sa e\u0161te nenau\u010dili na no\u010dn\u00edk, patr\u00ed. Ale pr\u00e1ve s preba\u013eovac\u00edm pultom sa izba bude na\u010falej najlep\u0161ie udr\u017eova\u0165 \u010dist\u00e1. V kombin\u00e1cii s komodou bude ma\u0165 mama pri sebe v\u017edy hygienick\u00e9 potreby, k\u00f4\u0161 na \u0161pinav\u00e9 plienky aj ve\u013ek\u00fa z\u00e1sobu nov\u00fdch. Kone\u010dne pr\u00edjemn\u00e9 preba\u013eovanie Smrad plienky nebol e\u0161te pre nikoho v\u00e1bnym a tak je logick\u00e9, \u017ee t\u00fato \u010dinnos\u0165 si chce ka\u017ed\u00fd rodi\u010d odbi\u0165 \u010do najsk\u00f4r. Kde inde p\u00f4jde v\u00fdmena plienok r\u00fdchlej\u0161ie aj pohodlnej\u0161ie ako na dom\u00e1com pevnom pulte? Jedna s\u00fa\u010das\u0165 n\u00e1bytku vyroben\u00e1 presne pre t\u00fato \u010dinnos\u0165 poskytne komfort, ak\u00fd rodi\u010dia dlho h\u013eadali. Pevn\u00fd povrch a pod\u013ea veku die\u0165a\u0165a aj mierne preh\u013aben\u00fd alebo ploch\u00fd, aby sa nespokojn\u00e9 die\u0165atko nepreva\u013eovalo a v\u0161etky veci v \u0161upl\u00edkoch boli v\u017edy pokope! \u010co sa za\u0161pin\u00ed, r\u00fdchlo sa pretrie len vlhkou handri\u010dkou. \u017diadne pranie po\u0165ahov \u010di obrusov.                                                                                                                                                                                                                                                                                                                                                                                                "},{"@context":"https:\/\/schema.org\/","@type":"BreadcrumbList","itemListElement":[{"@type":"ListItem","position":1,"name":"Zladen\u00e1 detsk\u00e1 izbi\u010dka","item":"https:\/\/www.zkz-cv.cz\/zladena-detska-izbicka\/#breadcrumbitem"}]}]